{"id":997,"date":"2016-06-24T18:16:26","date_gmt":"2016-06-24T16:16:26","guid":{"rendered":"http:\/\/www.peter-porsch.de\/?p=997"},"modified":"2016-06-24T18:16:26","modified_gmt":"2016-06-24T16:16:26","slug":"nomen-est-omen","status":"publish","type":"post","link":"https:\/\/www.peter-porsch.de\/?p=997","title":{"rendered":"Nomen est omen ?"},"content":{"rendered":"<p>Es ist Sommer und ich will leichte Kost bieten; zum Lesen im Liegestuhl oder im Bett an einem verregneten Urlaubstag. Namen sind \u00f6fter Zeichen, sind \u00f6fter Lebensprogramm, als man denkt. Fangen wir doch gleich mit dem Wetter an. Es bereitet nicht selten Kummer. Christa Kummer hei\u00dft auch die Wetterfee des 2. Programmes im \u00f6sterreichischen Fernsehen. Da ziehe ich doch Tim Fr\u00fchling, einen Meteorologen der ARD \u201etagesschau\u201c, vor. Aber auch er kann uns vor Schwankungen des Wetters nicht bewahren, weshalb er einen Kollegen namens Karsten Schwanke hat. Wetter ist immer. Manchmal kommt es schrecklich daher. Notlandungen von Flugzeugen sind seltener, doch immer schrecklich. Von einer solchen im Hudson River berichtete ein Jim Schreckengast bei t-online. Ein Gastwirt in Landsberg, Sachsen-Anhalt, hei\u00dft Rausch. Der Wirt einer Berggastst\u00e4tte in der Schweiz tr\u00e4gt den Namen Alexander von Almen. Eine Frau Lackner besitzt einen Malereibetrieb. Das ist f\u00fcr Frauen selten, weshalb sie, um keine Zweifel aufkommen zu lassen, ihren Betrieb in der Weiberfeldgasse in Graz hat. Admira Wien hatte einen Fu\u00dfballtrainer namens Knaller. Die Mannschaft ist derzeit immerhin Vierter in der obersten \u00f6sterreichischen Liga. Ohne Knaller auf das gegnerische Tor geht das wohl nicht. Eine Assistenztrainerin der deutschen Frauenfu\u00dfballnationalmannschaft muss wiederum mit ihrem Namen Ballweg zurecht kommen. Amor ist der Gott der Liebe. Ein Frater Rafael Amor sprach im Bayrischen Fernsehen \u00fcber den Z\u00f6libat und den Verzicht auf Familie. Gelernte DDR-B\u00fcrgerinnen und -B\u00fcrger wird es nicht wundern. Wir wussten, dass es neben der k\u00f6rperlichen Liebe auch noch die Liebe zur Sowjetunion gab. Der fromme M\u00f6nch hat da sicher auch Ersatz. Schmerzt ihn der Z\u00f6libat dennoch hin und wieder, sein Vorname tr\u00f6stet: Rafael ist hebr\u00e4isch und bedeutet \u201eGott heilt\u201c. Versucht ihn der Teufel, hilft die Pastoralamtsleiterin der f\u00fcr den M\u00f6nch zust\u00e4ndigen katholischen Erzdi\u00f6zese, Frau Pr\u00fcller-Jagenteufel. Der M\u00f6nch kann sich darauf verlassen, dass die Sache gut ausgeht. Die Pastoralamtsleiterin tr\u00e4gt den Vornamen Veronika, die \u201eSiegbringerin\u201c. Dass ein Schweizer Literaturkritiker Zweifel hei\u00dft, wundert uns jetzt gar nicht mehr. Ein Herr Klingler ist Glockenbetreuer in einem Tiroler Dorf. Das gibt es in keiner Moschee. Die leichte Kost k\u00f6nnte jetzt allerdings schwerer werden, wenn mir die Namen der Pflichtverteidiger der NSU-Kurtisane Beate Zsch\u00e4pe einfallen: Heer, Stahl und Sturm.<br \/>\nIch habe noch viele Namen in meiner Sammlung. Die Sache ger\u00e4t aber ins Delikate. Ein Prof. Uwe Hartmann heilt erektive Dysfunktionen und eine Frau Kastrati protestierte mit Damenbinden, auf denen feministische Botschaften standen. Lassen wir den Rest also in \u201eSchwarzen L\u00f6chern\u201c verschwinden, die, bevor man sie entdeckt hatte, ein Karl Schwarzschild schon vorausgesagt hat. Es ist ja auch nicht alles originell, selbst wenn es die Bedingung f\u00fcr das nomen est omen erf\u00fcllt. Alexander Gauland tr\u00e4umt m\u00f6glicherweise noch von einer Zeit, zu der in deutschen Landen Gaue Verwaltungseinheiten waren. Das sollte 1000 Jahre halten, zw\u00f6lf schlimme waren es dann immer noch. Tr\u00e4umen wird er, der Gauland. Erinnern braucht man ihn daran nicht. Er kann sich gew\u00f6hnlich an nichts erinnern. Sein Ged\u00e4chtnis ist unerforschlich wie Gottes Wege und wie die Wege des Sigmar Gabriel von der SPD. Dessen Namenspatron, der Erzengel Gabriel, verk\u00fcndete einst Mari\u00e4en ihre \u201eunbefleckte Empf\u00e4ngnis\u201c. Eine solche nimmt er f\u00fcr sich ebenso in Anspruch, wenn er so manche CDU-Einf\u00e4lle mit in die Welt setzt. Sein Name kommt aus dem Hebr\u00e4ischen. \u201eGott hat sich stark gezeigt\u201c oder \u201eMann Gottes\u201c bedeutet Gabriel. So mancher Geldsack h\u00e4lt ihn f\u00fcr einen solchen wegen seiner Absage an die Verm\u00f6genssteuer. Neuerdings erinnert sich der Gabriel wieder der M\u00fchseligen und Beladenen und eines \u201elinken Lagers\u201c. War ja nicht immer so. Aber Gott macht die Seinen offensichtlich stark in Wahlzeiten. Wohlan Sigmar! Bist Du nicht (wenigstens auf althochdeutsch) der, \u201eder den Sieg verk\u00fcndet\u201c, der, \u201eder f\u00fcr den Sieg ber\u00fchmt ist\u201c? \u2013 Mal sehen, ob jetzt nomen auch gleich omen?<\/p>\n<p>(geschrieben f\u00fcr Links Juli\/August 2016, 14. Juni 2016<\/p>\n","protected":false},"excerpt":{"rendered":"<p>Es ist Sommer und ich will leichte Kost bieten; zum Lesen im Liegestuhl oder im Bett an einem verregneten Urlaubstag. Namen sind \u00f6fter Zeichen, sind \u00f6fter Lebensprogramm, als man denkt. Fangen wir doch gleich mit dem Wetter an. Es bereitet nicht selten Kummer. Christa Kummer hei\u00dft auch die Wetterfee des 2. Programmes im \u00f6sterreichischen Fernsehen. [&hellip;]<\/p>\n","protected":false},"author":2,"featured_media":0,"comment_status":"open","ping_status":"open","sticky":false,"template":"","format":"standard","meta":{"jetpack_post_was_ever_published":false,"jetpack_publicize_message":"","jetpack_is_tweetstorm":false,"jetpack_publicize_feature_enabled":true,"jetpack_social_post_already_shared":true,"jetpack_social_options":[]},"categories":[1],"tags":[],"jetpack_publicize_connections":[],"jetpack_featured_media_url":"","jetpack_sharing_enabled":true,"jetpack_shortlink":"https:\/\/wp.me\/pBNn2-g5","_links":{"self":[{"href":"https:\/\/www.peter-porsch.de\/index.php?rest_route=\/wp\/v2\/posts\/997"}],"collection":[{"href":"https:\/\/www.peter-porsch.de\/index.php?rest_route=\/wp\/v2\/posts"}],"about":[{"href":"https:\/\/www.peter-porsch.de\/index.php?rest_route=\/wp\/v2\/types\/post"}],"author":[{"embeddable":true,"href":"https:\/\/www.peter-porsch.de\/index.php?rest_route=\/wp\/v2\/users\/2"}],"replies":[{"embeddable":true,"href":"https:\/\/www.peter-porsch.de\/index.php?rest_route=%2Fwp%2Fv2%2Fcomments&post=997"}],"version-history":[{"count":1,"href":"https:\/\/www.peter-porsch.de\/index.php?rest_route=\/wp\/v2\/posts\/997\/revisions"}],"predecessor-version":[{"id":998,"href":"https:\/\/www.peter-porsch.de\/index.php?rest_route=\/wp\/v2\/posts\/997\/revisions\/998"}],"wp:attachment":[{"href":"https:\/\/www.peter-porsch.de\/index.php?rest_route=%2Fwp%2Fv2%2Fmedia&parent=997"}],"wp:term":[{"taxonomy":"category","embeddable":true,"href":"https:\/\/www.peter-porsch.de\/index.php?rest_route=%2Fwp%2Fv2%2Fcategories&post=997"},{"taxonomy":"post_tag","embeddable":true,"href":"https:\/\/www.peter-porsch.de\/index.php?rest_route=%2Fwp%2Fv2%2Ftags&post=997"}],"curies":[{"name":"wp","href":"https:\/\/api.w.org\/{rel}","templated":true}]}}