{"id":889,"date":"2015-04-29T20:29:34","date_gmt":"2015-04-29T18:29:34","guid":{"rendered":"http:\/\/www.peter-porsch.de\/?p=889"},"modified":"2015-04-29T20:29:34","modified_gmt":"2015-04-29T18:29:34","slug":"die-sache-mit-der-befreiung","status":"publish","type":"post","link":"https:\/\/www.peter-porsch.de\/?p=889","title":{"rendered":"Die Sache mit der Befreiung"},"content":{"rendered":"<p>Wir haben Mai und in diesem Mai den 8. Mai als einen besonderen Tag. Das ist unwiderruflich der 70. Jahrestag der Befreiung vom Faschismus \u2013 vom Faschismus der besonders brutalen nationalsozialistischen Pr\u00e4gung. Da bei\u00dft die Maus keinen Faden ab, wie man mit dem Volksmund sagen kann. Doch es bei\u00dfen einige am Faden, der uns mit der Befreiung vom 8. Mai 1945 verbindet. Mittlerweile un\u00fcberh\u00f6rbar verk\u00fcnden sie, der 8. Mai 1945 sei gar kein Tag der Befreiung, sondern nur der \u201eTag des Kriegsendes\u201c gewesen, und entsprechend m\u00fcsse die Erinnerung ausgerichtet sein. Dar\u00fcber kann man nicht einfach hinwegsehen. Es sind n\u00e4mlich \u201eeinige\u201c in mittlerweile nicht unerheblicher Zahl, die solches behaupten und oft wortgewaltig ihre Sprachregelung in die Gesellschaft tragen wollen.<br \/>\nIm Vorwort der 4. Auflage des DUDEN &#8211; Deutsches Universalw\u00f6rterbuch (Mannheim 2001) steht: \u201eSie (die neue Auflage) will dazu beitragen, dass die deutsche Standardsprache weiterhin als Tr\u00e4gerin der politischen, kulturellen und wissenschaftlichen Entwicklung verl\u00e4sslich bleibt.\u201c Ein gro\u00dfes Ziel! W\u00f6rterb\u00fccher definieren nicht nur Wortbedeutungen, sie sagen uns mit Beispielen auch, wie diese W\u00f6rter in allt\u00e4glichen Zusammenh\u00e4ngen verwendet werden. Ich suche das Stichwort \u201ebefreien\u201c und der Aha-Effekt l\u00e4sst nicht lange auf sich warten: \u201edas Volk vom Faschismus, von den Kolonialherren b(efreien)\u201c, lese ich. Das gef\u00e4llt mir sehr, denn damit ist \u2013 und sp\u00e4tere Auflagen dieses W\u00f6rterbuches machen das nicht anders \u2013 eine politische und kulturelle Entwicklung klar und deutlich zum Ziel gebracht. Die Welt und auch das deutsche Volk wurden damals vom deutschen Faschismus befreit! Jetzt d\u00e4mmert mir aber ein Unterschied zum zweiten Beispiel, zur Befreiung von den Kolonialherren. Wer hat denn wen von den Kolonialherren befreit? Das waren doch in einem hohen Ma\u00dfe die von den Kolonialherren unterdr\u00fcckten Menschen selbst. Sie wurden nicht befreit. Sie haben sich selbst befreit, in einem langen politischen, \u00f6konomischen, kulturellen und oft auch milit\u00e4rischen Kampf. Sie waren Akteure ihrer Befreiung. Eine Leistung, die seither gerade seitens der einstigen Kolonialherren gerne r\u00fcckg\u00e4ngig gemacht werden will und auch gemacht wird, wiederum brutal mit politischen, \u00f6konomischen, kulturellen und milit\u00e4rischen Mitteln. Wer sich in den ehemaligen Kolonien den Folgen durch Flucht entziehen will, auf die und den warten heute das Mittelmeer und ein neuer europ\u00e4ischer Rassismus.<br \/>\nSich selbst vom Faschismus zu befreien hat das deutsche Volk nicht zustande gebracht. Nachgerade besoffen von der Vorstellung, sich die Welt unterwerfen zu k\u00f6nnen, folgte es damals den Verbrechern bis hinein in den bis dato schlimmsten, den totalen Krieg. \u201eUnd wenn alles in Scherben f\u00e4llt, &#8230;\u201c. Diese Vision schreckte nicht ab. Sie motivierte vielmehr. Es waren deshalb die anderen V\u00f6lker in Europa, die sich ihre Befreiung von Unterdr\u00fcckung, drohender Vernichtung und faschistischem Terror erk\u00e4mpften \u2013 mit ihren Armeen, gemeinsam mit den USA und in aufopferungsvollem, auf sich selbst keine R\u00fccksicht nehmendem Widerstand einfacher Menschen, in Frankreich, in der Sowjetunion, in Jugoslawien, in Griechenland, in Italien, &#8230; .<br \/>\nNat\u00fcrlich gab es auch Widerstand in Deutschland, kommunistischen, religi\u00f6sen, b\u00fcrgerlich-humanistischen und erst sehr sp\u00e4t auch beim Milit\u00e4r. Gerade unter den gegebenen Bedingungen konnte er nur heldenhaft sein. Der Sieg \u00fcber den Faschismus kam von au\u00dfen. Dennoch, gerade dieser Widerstand zwingt wiederum, von Befreiung zu sprechen. Es waren die \u00dcberlebenden in den Konzentrationslagern, die zuerst die Befreiung erlebten. Eben darum war es auch eine Befreiung f\u00fcr das gesamte deutsche Volk. Ich wurde vor etwas mehr als siebzig Jahren als deutscher Reichsb\u00fcrger geboren. Am 8. Mai war ich knapp sieben Monate alt. Unendlichen Dank allen Befreiern! Ihr habt mich von einer mir zugedachten Biographie befreit, die ich unter keinen Umst\u00e4nden h\u00e4tte leben wollen. Diese Befreiung muss nachhaltig bleiben. Wehren wir allen Anf\u00e4ngen der R\u00fcckkehr und Akzeptanz von Unmenschlichkeit!<\/p>\n<p>(Geschrieben f\u00fcr Links, Mai 2015, 21.04.2015)<\/p>\n","protected":false},"excerpt":{"rendered":"<p>Wir haben Mai und in diesem Mai den 8. Mai als einen besonderen Tag. Das ist unwiderruflich der 70. Jahrestag der Befreiung vom Faschismus \u2013 vom Faschismus der besonders brutalen nationalsozialistischen Pr\u00e4gung. Da bei\u00dft die Maus keinen Faden ab, wie man mit dem Volksmund sagen kann. Doch es bei\u00dfen einige am Faden, der uns mit [&hellip;]<\/p>\n","protected":false},"author":2,"featured_media":0,"comment_status":"open","ping_status":"open","sticky":false,"template":"","format":"standard","meta":{"jetpack_post_was_ever_published":false,"jetpack_publicize_message":"","jetpack_is_tweetstorm":false,"jetpack_publicize_feature_enabled":true,"jetpack_social_post_already_shared":true,"jetpack_social_options":[]},"categories":[1],"tags":[],"jetpack_publicize_connections":[],"jetpack_featured_media_url":"","jetpack_sharing_enabled":true,"jetpack_shortlink":"https:\/\/wp.me\/pBNn2-el","_links":{"self":[{"href":"https:\/\/www.peter-porsch.de\/index.php?rest_route=\/wp\/v2\/posts\/889"}],"collection":[{"href":"https:\/\/www.peter-porsch.de\/index.php?rest_route=\/wp\/v2\/posts"}],"about":[{"href":"https:\/\/www.peter-porsch.de\/index.php?rest_route=\/wp\/v2\/types\/post"}],"author":[{"embeddable":true,"href":"https:\/\/www.peter-porsch.de\/index.php?rest_route=\/wp\/v2\/users\/2"}],"replies":[{"embeddable":true,"href":"https:\/\/www.peter-porsch.de\/index.php?rest_route=%2Fwp%2Fv2%2Fcomments&post=889"}],"version-history":[{"count":1,"href":"https:\/\/www.peter-porsch.de\/index.php?rest_route=\/wp\/v2\/posts\/889\/revisions"}],"predecessor-version":[{"id":890,"href":"https:\/\/www.peter-porsch.de\/index.php?rest_route=\/wp\/v2\/posts\/889\/revisions\/890"}],"wp:attachment":[{"href":"https:\/\/www.peter-porsch.de\/index.php?rest_route=%2Fwp%2Fv2%2Fmedia&parent=889"}],"wp:term":[{"taxonomy":"category","embeddable":true,"href":"https:\/\/www.peter-porsch.de\/index.php?rest_route=%2Fwp%2Fv2%2Fcategories&post=889"},{"taxonomy":"post_tag","embeddable":true,"href":"https:\/\/www.peter-porsch.de\/index.php?rest_route=%2Fwp%2Fv2%2Ftags&post=889"}],"curies":[{"name":"wp","href":"https:\/\/api.w.org\/{rel}","templated":true}]}}