{"id":785,"date":"2013-10-08T11:23:35","date_gmt":"2013-10-08T09:23:35","guid":{"rendered":"http:\/\/www.peter-porsch.de\/?p=785"},"modified":"2013-10-08T11:23:35","modified_gmt":"2013-10-08T09:23:35","slug":"krokodilstraenen","status":"publish","type":"post","link":"https:\/\/www.peter-porsch.de\/?p=785","title":{"rendered":"Krokodilstr\u00e4nen"},"content":{"rendered":"<p>Solche Tr\u00e4nen sind, so sagen die W\u00f6rterb\u00fccher, \u201efalsche, heuchlerische Tr\u00e4nen\u201c.  Wo und wor\u00fcber sie geweint werden, kann man tagt\u00e4glich in der Welt beobachten. Da wird z.B wider alle sportliche und soziale Vernunft, jedoch des gro\u00dfen Geldes wegen, eine Fu\u00dfballweltmeisterschaft in das Emirat Katar vergeben. So richtig geheuer ist niemandem dabei. Es gibt viele Gegner der Entscheidung. Wie gesagt, z.B. aus gutem sportlichem Grund. Aus der Deckung wagt sich aber auch niemand so richtig. Also versucht man die Dinge anders zu verhindern: mit Hilfe von Krokodilstr\u00e4nen. Nat\u00fcrlich haben die eine echte Sauerei zum Anlass. Das reiche Emirat l\u00e4sst aus den armen asiatischen Nachbarl\u00e4ndern Arbeitskr\u00e4fte einfliegen. Die sind froh, dass sie Arbeit haben und tauschen diesen Vorteil gezwungenerma\u00dfen gegen eine ganze Menge Nachteile ein: niedrige L\u00f6hne, menschenunw\u00fcrdige Quartiere, keine Freiz\u00fcgigkeit, weil Bindung an den Arbeitsort, und vor allem lebensgef\u00e4hrliche Arbeitsbedingungen. Arbeitsschutz ist dem Arbeitgeber ein Fremdwort. Selbst der Tod von so genannten \u201eGastarbeitern\u201c wird kaltschn\u00e4uzig einkalkuliert. Angeblich gibt es zeitweise einen Toten pro Tag.Die Welt wird es schon nicht erfahren. Nun hat sie aber! Und sie weint deshalb bittere Tr\u00e4nen &#8211; Krokodilstr\u00e4nen. Damit keine Missverst\u00e4ndnisse aufkommen. Tr\u00e4nen sind ob der Tatsachen sehr wohl angebracht, Tr\u00e4nen der Wut und der Trauer. Sie sind das Mindeste. Protest und Widerstand, Bestrafung der Schuldigen und Absage der WM in Katar sollte tats\u00e4chlich die logische Folge sein. Aber wieso pl\u00f6tzlich Katar? Was ist mit den afrikanischen Erntehelfern in Italien? Sie sind rechtlos und werden oft um ihren ohnehin kargen Lohn betrogen. Kennen wir nicht auch die desolaten Bedingungen f\u00fcr rum\u00e4nische Leiharbeiter in deutschen Schlachth\u00f6fen? Wissen wir nicht von den vielen Toten N\u00e4herinnen in eingest\u00fcrzten Fabriken in Bangladesch? Es ist doch nicht unbekannt, dass man dort endlich streikt f\u00fcr 70 Euro Monatslohn statt der dem\u00fctigenden 30 Euro bisher. Mutiger Journalismus weist schon mal darauf hin. Tr\u00e4nen flie\u00dfen freilich kaum. Der Boulevard bleibt bei seiner Tagesordnung. Seiner Klientel sind das billige T-Shirt, die billige Hose und das Hemd n\u00e4her.<br \/>\nEs sind immer noch 168 Millionen Kinder, die einer Arbeit nachgehen m\u00fcssen. Und fragt nicht nach Sonnenschein. Den sehen viele nicht &#8211; 12 Stunden am Tag nicht und l\u00e4nger. Kleine K\u00f6rper und junge Augen sind gut f\u00fcr enge, dunkle Arbeitspl\u00e4tze. Weint da jemand? Nein, man klopft sich vielmehr auf die Schultern, weil die Zahl der arbeitenden Kinder seit dem Jahr 2000 um ein Drittel gesunken ist. Im Kontrast dazu w\u00e4chst in Europa eine verlorene Generation heran. 7,5 Millionen Jugendliche haben keine Ausbildung und keine Arbeit. Die EU hilft mit 3 Milliarden Euro und hofft, dass die Mitgliedsstaaten noch mal so viel geben. Krokodilstr\u00e4nengeld, vergleicht man alles mit den Betr\u00e4gen der Bankenrettung.<br \/>\nNiemand kann leugnen, dass Asylbewerberinnen und -bewerber kaum willkommen sind. Man versucht sie durch inhumane Bedingungen der Unterbringung zu vergraulen. Sie kommen dennoch in ihrer Not und tauschen diese gegen eine andere. Nun versuchen sie mit Protest auf ihre schlimme Lage aufmerksam zu machen, besetzen Pl\u00e4tze oder Kirchen. Beh\u00f6rden weinen deshalb nicht. Es wird vielmehr ger\u00e4umt und abgeschoben. Sinti und Roma sind gleich ganz chancenlos und vogelfrei. Das ist europ\u00e4ische Normalit\u00e4t. Es sei denn, ja es sei denn, man hat ein schlechtes Gewissen und verfolgt einen politischen Zweck. Da wird das Elend, das man mit zu verantworten hat, pl\u00f6tzlich beweint, und alle Heuchelei kommt als grenzenloses Mitleid und Ausdruck doch schon immer vorangetragener Menschlichkeit daher. Millionen sind in und aus Syrien auf der Flucht. Da ist es eine gute Tat und trocknet die Krokodilstr\u00e4nen, wenn Deutschland 5000 Fl\u00fcchtlinge aufnimmt oder \u00d6sterreich 500.<br \/>\n\u00dcbrigens: Krokodile weinen angeblich, um ihre Opfer anzulocken.<\/p>\n<p>(Geschrieben am 27.09.2013 &#8211; also vor der letzten Trag\u00f6die bei Lampedusa &#8211; f\u00fcr DISPUT, Oktober 2013)<\/p>\n","protected":false},"excerpt":{"rendered":"<p>Solche Tr\u00e4nen sind, so sagen die W\u00f6rterb\u00fccher, \u201efalsche, heuchlerische Tr\u00e4nen\u201c. Wo und wor\u00fcber sie geweint werden, kann man tagt\u00e4glich in der Welt beobachten. Da wird z.B wider alle sportliche und soziale Vernunft, jedoch des gro\u00dfen Geldes wegen, eine Fu\u00dfballweltmeisterschaft in das Emirat Katar vergeben. So richtig geheuer ist niemandem dabei. Es gibt viele Gegner der [&hellip;]<\/p>\n","protected":false},"author":2,"featured_media":0,"comment_status":"open","ping_status":"open","sticky":false,"template":"","format":"standard","meta":{"jetpack_post_was_ever_published":false,"jetpack_publicize_message":"","jetpack_is_tweetstorm":false,"jetpack_publicize_feature_enabled":true,"jetpack_social_post_already_shared":false,"jetpack_social_options":[]},"categories":[1],"tags":[],"jetpack_publicize_connections":[],"jetpack_featured_media_url":"","jetpack_sharing_enabled":true,"jetpack_shortlink":"https:\/\/wp.me\/pBNn2-cF","_links":{"self":[{"href":"https:\/\/www.peter-porsch.de\/index.php?rest_route=\/wp\/v2\/posts\/785"}],"collection":[{"href":"https:\/\/www.peter-porsch.de\/index.php?rest_route=\/wp\/v2\/posts"}],"about":[{"href":"https:\/\/www.peter-porsch.de\/index.php?rest_route=\/wp\/v2\/types\/post"}],"author":[{"embeddable":true,"href":"https:\/\/www.peter-porsch.de\/index.php?rest_route=\/wp\/v2\/users\/2"}],"replies":[{"embeddable":true,"href":"https:\/\/www.peter-porsch.de\/index.php?rest_route=%2Fwp%2Fv2%2Fcomments&post=785"}],"version-history":[{"count":1,"href":"https:\/\/www.peter-porsch.de\/index.php?rest_route=\/wp\/v2\/posts\/785\/revisions"}],"predecessor-version":[{"id":786,"href":"https:\/\/www.peter-porsch.de\/index.php?rest_route=\/wp\/v2\/posts\/785\/revisions\/786"}],"wp:attachment":[{"href":"https:\/\/www.peter-porsch.de\/index.php?rest_route=%2Fwp%2Fv2%2Fmedia&parent=785"}],"wp:term":[{"taxonomy":"category","embeddable":true,"href":"https:\/\/www.peter-porsch.de\/index.php?rest_route=%2Fwp%2Fv2%2Fcategories&post=785"},{"taxonomy":"post_tag","embeddable":true,"href":"https:\/\/www.peter-porsch.de\/index.php?rest_route=%2Fwp%2Fv2%2Ftags&post=785"}],"curies":[{"name":"wp","href":"https:\/\/api.w.org\/{rel}","templated":true}]}}