{"id":564,"date":"2009-12-16T22:45:32","date_gmt":"2009-12-16T20:45:32","guid":{"rendered":"http:\/\/www.peter-porsch.de\/?p=564"},"modified":"2009-12-16T22:57:09","modified_gmt":"2009-12-16T20:57:09","slug":"vom-klima-beim-klimagipfel-kafigen-und-grosen-tieren","status":"publish","type":"post","link":"https:\/\/www.peter-porsch.de\/?p=564","title":{"rendered":"Vom Klima beim Klimagipfel, K\u00e4figen und gro\u00dfen Tieren."},"content":{"rendered":"<p>Als Kinder haben wir gesungen: \u201e&#8230; der Fr\u00fchling bringt Blumen, der Sommer bringt Klee, der Herbst, der bringt Trauben, der Winter bringt Schnee.\u201c\u00a0 Angeblich hat die Anzahl \u201ewei\u00dfer Weihnachten\u201c seit den letzten 50 Jahren rapide abgenommen. Das freut bestimmt das Transportwesen, entlastet die Industrie, erspart klammen Kommunalkassen die Schneer\u00e4umung. Die Fr\u00fchlinge sind jetzt eher kurz in unseren Breiten. Na und? Blumen holen wir aus dem Gew\u00e4chshaus. Der Herbst wird eher lang und sonnig &#8211; auch sch\u00f6n, f\u00fcr St\u00e4dteflugreisen und sogar f\u00fcr die Trauben! Die Sommer freilich bedr\u00e4ngen den Klee vor allem durch Unwetter und Hochwasser. Afrika st\u00f6hnt unter der D\u00fcrre oder hat schon keine Kraft mehr dazu. Inselv\u00f6lker wandern aus. China und die USA dagegen sehen alles immer noch vorrangig betriebswirtschaftlich. Und was bringt ein Klimagipfel? Vor allem Hunderttausende, die Kopenhagen ansteuerten, darunter \u00fcber 120 Staatschefs, aber noch sehr viel mehr Menschen, die sich echte Sorgen machen um das Klima und dies auch zum Ausdruck bringen wollten &#8211; h\u00f6rbar, sichtbar und auch sp\u00fcrbar. Ich wei\u00df nicht genau, wann das Wort \u201eKlima\u201c mit seiner heutigen Bedeutung in den verschiedenen Sprachen auftauchte. Wer daf\u00fcr verantwortlich war, muss Weitsicht mit Pessimismus in genialer Weise verbunden haben. Das Wort kommt aus dem Griechischen und bedeutete dort \u201eAbhang\u201c, \u201egeneigte Fl\u00e4che\u201c. Und dass das Klima den Abhang runter zu gehen droht, wird kaum wer leugnen k\u00f6nnen. Die griechische Wurzel ist uns auch noch gegenw\u00e4rtig im Wort \u201eKlinik\u201c und meint dort das \u201eSich-zum-Kranken-neigen\u201c bzw. einfach \u201edas Bett\u201c. Dass sich in Kopenhagen viele \u00fcber das Krankenbett des Klimas neigten, ist wohl auch nicht zu bestreiten. Eben so wenig jedoch auch, dass Diagnose, Therapie und Ansichten \u00fcber die Schwere der Krankheit und die Heilungschancen sehr weit auseinandergehen. Der Tod allerdings ist umso sicherer, je weniger sich die \u00c4rzte einig sind. Viele \u00c4rzte hatten wohl nur ihr eigenes Wohl und nicht das des Patienten im Sinn. Ihre Frage war, wie lange kann man zum eigenen Gewinn eigentlich den Patienten noch qu\u00e4len? Es entstand ein merkw\u00fcrdiges Klima im Streit um das Klima. Die zwei Bedeutungen von \u201eKlima\u201c sind im DUDEN-Universalw\u00f6rterbuch verzeichnet. Einmal ist es der \u201etypische j\u00e4hrliche Ablauf von Witterung\u201c, zum anderen ist es eine \u201edurch besondere Ereignisse oder Umst\u00e4nde hervorgerufene Atmosph\u00e4re &#8230; zwischen Personen, Gruppen, Staaten\u201c. Was die Klimaproblematik betrifft ist das DUDEN-Universalw\u00f6rterbuch bereits seit langem\u00a0 komplett. Es verzeichnet\u00a0 \u201eKlima\u00e4nderung\u201c, Klimaverschlechterungl\u201c und schlie\u00dflich \u201eKlimakatastrophe\u201c. Was das Vorgehen gegen Demonstrantinnen und Demonstranten durch die d\u00e4nische Polizei betrifft, ist dieses W\u00f6rterbuch aber \u00fcberhaupt nicht auf der H\u00f6he der Zeit. Der \u201eGast\u201c(?)-Geber sperrte den Protest, wenn es ihm passte, einfach in K\u00e4fige &#8211; nur auf Grund von Verdacht: Ein merkw\u00fcrdiges Klima, ja eine eigene Klimakatastrophe f\u00fcr demokratische Einmischung in die eigenen Angelegenheiten. Zum \u201eK\u00e4fig\u201c aber steht im DUDEN-Universalw\u00f6rterbuch: \u201eRaum f\u00fcr gefangen gehaltene gr\u00f6\u00dfere Tiere, dessen W\u00e4nde aus Gitterst\u00e4ben, Drahtgitter o.\u00c4. bestehen.\u201c K\u00e4fige sind im Sinne bisheriger Wortbedeutung also \u201egr\u00f6\u00dferen Tieren\u201c vorenthalten. So gesehen h\u00e4tten nicht Demonstrantinnen und Demonstranten hinein geh\u00f6rt, sondern, wenn \u00fcberhaupt Menschen, die angereisten Politikerinnen und Politiker. Denn man findet im W\u00f6rterbuch auch \u201eein hohes\/gro\u00dfes Tier\u201c. Das ist \u201eeine Person von gro\u00dfem Ansehen, hohem Rang\u201c. Mag das mit dem \u201egro\u00dfen Ansehen\u201c im gegebenen Fall schon so eine zweifelhafte Sache sein, von hohem Rang waren sie allemal die \u201egro\u00dfen Tiere\u201c.<\/p>\n","protected":false},"excerpt":{"rendered":"<p>Als Kinder haben wir gesungen: \u201e&#8230; der Fr\u00fchling bringt Blumen, der Sommer bringt Klee, der Herbst, der bringt Trauben, der Winter bringt Schnee.\u201c\u00a0 Angeblich hat die Anzahl \u201ewei\u00dfer Weihnachten\u201c seit den letzten 50 Jahren rapide abgenommen. Das freut bestimmt das Transportwesen, entlastet die Industrie, erspart klammen Kommunalkassen die Schneer\u00e4umung. Die Fr\u00fchlinge sind jetzt eher kurz [&hellip;]<\/p>\n","protected":false},"author":2,"featured_media":0,"comment_status":"open","ping_status":"open","sticky":false,"template":"","format":"standard","meta":{"jetpack_post_was_ever_published":false,"jetpack_publicize_message":"","jetpack_is_tweetstorm":false,"jetpack_publicize_feature_enabled":true,"jetpack_social_post_already_shared":false,"jetpack_social_options":[]},"categories":[1],"tags":[],"jetpack_publicize_connections":[],"jetpack_featured_media_url":"","jetpack_sharing_enabled":true,"jetpack_shortlink":"https:\/\/wp.me\/pBNn2-96","_links":{"self":[{"href":"https:\/\/www.peter-porsch.de\/index.php?rest_route=\/wp\/v2\/posts\/564"}],"collection":[{"href":"https:\/\/www.peter-porsch.de\/index.php?rest_route=\/wp\/v2\/posts"}],"about":[{"href":"https:\/\/www.peter-porsch.de\/index.php?rest_route=\/wp\/v2\/types\/post"}],"author":[{"embeddable":true,"href":"https:\/\/www.peter-porsch.de\/index.php?rest_route=\/wp\/v2\/users\/2"}],"replies":[{"embeddable":true,"href":"https:\/\/www.peter-porsch.de\/index.php?rest_route=%2Fwp%2Fv2%2Fcomments&post=564"}],"version-history":[{"count":8,"href":"https:\/\/www.peter-porsch.de\/index.php?rest_route=\/wp\/v2\/posts\/564\/revisions"}],"predecessor-version":[{"id":566,"href":"https:\/\/www.peter-porsch.de\/index.php?rest_route=\/wp\/v2\/posts\/564\/revisions\/566"}],"wp:attachment":[{"href":"https:\/\/www.peter-porsch.de\/index.php?rest_route=%2Fwp%2Fv2%2Fmedia&parent=564"}],"wp:term":[{"taxonomy":"category","embeddable":true,"href":"https:\/\/www.peter-porsch.de\/index.php?rest_route=%2Fwp%2Fv2%2Fcategories&post=564"},{"taxonomy":"post_tag","embeddable":true,"href":"https:\/\/www.peter-porsch.de\/index.php?rest_route=%2Fwp%2Fv2%2Ftags&post=564"}],"curies":[{"name":"wp","href":"https:\/\/api.w.org\/{rel}","templated":true}]}}