{"id":438,"date":"2009-08-18T12:42:52","date_gmt":"2009-08-18T10:42:52","guid":{"rendered":"http:\/\/www.peter-porsch.de\/?p=438"},"modified":"2009-08-18T18:01:50","modified_gmt":"2009-08-18T16:01:50","slug":"die-angst-der-manner-um-die-40","status":"publish","type":"post","link":"https:\/\/www.peter-porsch.de\/?p=438","title":{"rendered":"Die Angst der M\u00e4nner um die 40"},"content":{"rendered":"<p>Nach kurzer Krankheit heimgekehrt &#8211; in den Wahlkampf. Da habe ich heute nach rasanter Motorradfahrt am Infostand in Eilenburg Material verteilt. The same procedure as everyyear, everywhere an everytime. Ein freundliches L\u00e4cheln bringt ein freundliches L\u00e4cheln als Antwort und schon ist man das Material los. Hilfreich ist der Spruch: &#8222;Darf ich Ihnen das mitgeben? Eine Information zur Wahl&#8220;. Menschen mit kleinen Kindern hilft oft der Rat: &#8222;Wenn Sie die Zeitung nicht lesen, so k\u00f6nnen Sie doch ein Schiffchen oder einen Hut f\u00fcr die Kinder daraus basteln.&#8220; &#8222;In Zeitungen stehen doch nur L\u00fcgen&#8220;, meint ein \u00e4lterer Herr. &#8222;In dieser Zeitung steht, dass in Zeitungen nur L\u00fcgen stehen&#8220; als Antwort, lie\u00df mich die Zeitung los werden. Es geht viel und man kommt ins Gespr\u00e4ch. Nur eine Gruppe ist kaum zu knacken &#8211; die M\u00e4nner um die 40. Die richten schon von weitem ihr Gesicht zurecht. Da gibt es die &#8222;Ich-wei\u00df-schon-alles-Miene&#8220;. Der braucht kein neues Material. Aber es kommen auch die &#8222;Ich-will-gar-nichts-wissen-Gesichter&#8220;. Da erntet man nur Verachtung f\u00fcr aufdringliche Werbung. &#8222;Ich-habe-Wichtigeres-zu-tun-als-zu-w\u00e4hlen&#8220; blickt einem meist mit Krawatte um den Hals entgegen. Egal wie, auf keinen Fall nehmen die um die 40 was mit. Ein klein wenig sind die Gesichter aber auch verr\u00e4terisch. Irgendwo blitzt immer die Angst durch, als Mann vielleicht gar noch nicht zu wissen, wo es lang geht und was das alles f\u00fcr Br\u00fcder sind, die da Zettel und Zeitungen verteilen. Um Himmels Willen, das k\u00f6nnte doch wer sehen, vielleicht sogar eine Frau oder ein anderer Mann um die 40. So landet halt mein Material bei \u00c4lteren und J\u00fcngeren. Sie k\u00f6nnen es ja zu Hause an den Sohn, der bald 40 wird, oder den Vati, der schon \u00fcber 40 ist, weitergeben.<\/p>\n","protected":false},"excerpt":{"rendered":"<p>Nach kurzer Krankheit heimgekehrt &#8211; in den Wahlkampf. Da habe ich heute nach rasanter Motorradfahrt am Infostand in Eilenburg Material verteilt. The same procedure as everyyear, everywhere an everytime. Ein freundliches L\u00e4cheln bringt ein freundliches L\u00e4cheln als Antwort und schon ist man das Material los. Hilfreich ist der Spruch: &#8222;Darf ich Ihnen das mitgeben? Eine [&hellip;]<\/p>\n","protected":false},"author":2,"featured_media":0,"comment_status":"open","ping_status":"open","sticky":false,"template":"","format":"standard","meta":{"jetpack_post_was_ever_published":false,"jetpack_publicize_message":"","jetpack_is_tweetstorm":false,"jetpack_publicize_feature_enabled":true,"jetpack_social_post_already_shared":false,"jetpack_social_options":[]},"categories":[4],"tags":[28,29,30,59],"jetpack_publicize_connections":[],"jetpack_featured_media_url":"","jetpack_sharing_enabled":true,"jetpack_shortlink":"https:\/\/wp.me\/pBNn2-74","_links":{"self":[{"href":"https:\/\/www.peter-porsch.de\/index.php?rest_route=\/wp\/v2\/posts\/438"}],"collection":[{"href":"https:\/\/www.peter-porsch.de\/index.php?rest_route=\/wp\/v2\/posts"}],"about":[{"href":"https:\/\/www.peter-porsch.de\/index.php?rest_route=\/wp\/v2\/types\/post"}],"author":[{"embeddable":true,"href":"https:\/\/www.peter-porsch.de\/index.php?rest_route=\/wp\/v2\/users\/2"}],"replies":[{"embeddable":true,"href":"https:\/\/www.peter-porsch.de\/index.php?rest_route=%2Fwp%2Fv2%2Fcomments&post=438"}],"version-history":[{"count":4,"href":"https:\/\/www.peter-porsch.de\/index.php?rest_route=\/wp\/v2\/posts\/438\/revisions"}],"predecessor-version":[{"id":442,"href":"https:\/\/www.peter-porsch.de\/index.php?rest_route=\/wp\/v2\/posts\/438\/revisions\/442"}],"wp:attachment":[{"href":"https:\/\/www.peter-porsch.de\/index.php?rest_route=%2Fwp%2Fv2%2Fmedia&parent=438"}],"wp:term":[{"taxonomy":"category","embeddable":true,"href":"https:\/\/www.peter-porsch.de\/index.php?rest_route=%2Fwp%2Fv2%2Fcategories&post=438"},{"taxonomy":"post_tag","embeddable":true,"href":"https:\/\/www.peter-porsch.de\/index.php?rest_route=%2Fwp%2Fv2%2Ftags&post=438"}],"curies":[{"name":"wp","href":"https:\/\/api.w.org\/{rel}","templated":true}]}}