{"id":412,"date":"2009-08-14T10:07:48","date_gmt":"2009-08-14T08:07:48","guid":{"rendered":"http:\/\/www.peter-porsch.de\/?p=412"},"modified":"2009-08-14T14:19:14","modified_gmt":"2009-08-14T12:19:14","slug":"endlich-im-wahlkampf","status":"publish","type":"post","link":"https:\/\/www.peter-porsch.de\/?p=412","title":{"rendered":"Endlich im Wahlkampf"},"content":{"rendered":"<p>Seit Mittwoch bin ich endlich voll in den Wahlkampf eingestiegen. Macht gro\u00dfen Spa\u00df. Es macht Spa\u00df, seine Positionen m\u00f6glichst verst\u00e4ndlich darzulegen, es macht Spa\u00df zu streiten und es macht Spa\u00df, nach getaner Arbeit noch ein Bier zu zischen.  Erstes Problem: Mindestlohn. Die IHK lehnt ihn ab. Da s\u00e4gen die aber an dem Ast, auf dem sie sitzen. Mindestlohn zwingt \u00fcber die Qualit\u00e4t der Produkte im Wettbewerb zu bestehen, anstatt mit Niedrigpreisen auf der Basis von Niedrigl\u00f6hnen. Ersteres f\u00fchrt in die Zukunft, Zweiteres bringt Stagnation. Mindestl\u00f6hne garantieren die Verwandlung von Wertsch\u00f6pfung in Kaufkraft und Nachfrage, also in Konjunktur.<\/p>\n","protected":false},"excerpt":{"rendered":"<p>Seit Mittwoch bin ich endlich voll in den Wahlkampf eingestiegen. Macht gro\u00dfen Spa\u00df. Es macht Spa\u00df, seine Positionen m\u00f6glichst verst\u00e4ndlich darzulegen, es macht Spa\u00df zu streiten und es macht Spa\u00df, nach getaner Arbeit noch ein Bier zu zischen. Erstes Problem: Mindestlohn. Die IHK lehnt ihn ab. Da s\u00e4gen die aber an dem Ast, auf dem [&hellip;]<\/p>\n","protected":false},"author":2,"featured_media":0,"comment_status":"open","ping_status":"open","sticky":false,"template":"","format":"standard","meta":{"jetpack_post_was_ever_published":false,"jetpack_publicize_message":"","jetpack_is_tweetstorm":false,"jetpack_publicize_feature_enabled":true,"jetpack_social_post_already_shared":false,"jetpack_social_options":[]},"categories":[4],"tags":[59],"jetpack_publicize_connections":[],"jetpack_featured_media_url":"","jetpack_sharing_enabled":true,"jetpack_shortlink":"https:\/\/wp.me\/pBNn2-6E","_links":{"self":[{"href":"https:\/\/www.peter-porsch.de\/index.php?rest_route=\/wp\/v2\/posts\/412"}],"collection":[{"href":"https:\/\/www.peter-porsch.de\/index.php?rest_route=\/wp\/v2\/posts"}],"about":[{"href":"https:\/\/www.peter-porsch.de\/index.php?rest_route=\/wp\/v2\/types\/post"}],"author":[{"embeddable":true,"href":"https:\/\/www.peter-porsch.de\/index.php?rest_route=\/wp\/v2\/users\/2"}],"replies":[{"embeddable":true,"href":"https:\/\/www.peter-porsch.de\/index.php?rest_route=%2Fwp%2Fv2%2Fcomments&post=412"}],"version-history":[{"count":2,"href":"https:\/\/www.peter-porsch.de\/index.php?rest_route=\/wp\/v2\/posts\/412\/revisions"}],"predecessor-version":[{"id":424,"href":"https:\/\/www.peter-porsch.de\/index.php?rest_route=\/wp\/v2\/posts\/412\/revisions\/424"}],"wp:attachment":[{"href":"https:\/\/www.peter-porsch.de\/index.php?rest_route=%2Fwp%2Fv2%2Fmedia&parent=412"}],"wp:term":[{"taxonomy":"category","embeddable":true,"href":"https:\/\/www.peter-porsch.de\/index.php?rest_route=%2Fwp%2Fv2%2Fcategories&post=412"},{"taxonomy":"post_tag","embeddable":true,"href":"https:\/\/www.peter-porsch.de\/index.php?rest_route=%2Fwp%2Fv2%2Ftags&post=412"}],"curies":[{"name":"wp","href":"https:\/\/api.w.org\/{rel}","templated":true}]}}