{"id":1077,"date":"2018-06-23T07:47:33","date_gmt":"2018-06-23T05:47:33","guid":{"rendered":"http:\/\/www.peter-porsch.de\/?p=1077"},"modified":"2018-06-23T07:47:33","modified_gmt":"2018-06-23T05:47:33","slug":"hatschi-bratschi","status":"publish","type":"post","link":"https:\/\/www.peter-porsch.de\/?p=1077","title":{"rendered":"Hatschi Bratschi"},"content":{"rendered":"<p>\u201eWas kommt dort durch die Luft geflogen und immer n\u00e4her hergezogen? Es ist, man sieht es deutlich schon, ein gro\u00dfer roter Luftballon. Drin sitzt, die Pfeife in der Hand, ein Zauberer aus dem Morgenland. Der b\u00f6se Hatschi Bratschi hei\u00dft er, und kleine Kinder f\u00e4ngt und bei\u00dft er. O Fritzchen, Fritzchen, lauf davon, sonst kommst du in den Luftballon!\u201c So beginnt eine gereimte Geschichte, die mich, wie viele andere Generationen seit 1904,  in meiner Kindheit begleitete und vor dem B\u00f6sen warnte, das zuerst aus dem \u201eT\u00fcrkenland\u201c oder sp\u00e4ter \u201eMorgenland\u201c, weil \u201eT\u00fcrkenland\u201c zu konkret war, kommt. Erschienen ist das Buch in verschiedenen Verlagen, zuletzt 1968. Der Autor hei\u00dft Franz Karl Ginzkey, ein Mensch sehr wechselhaften rechten Lebens, bis dass dieses 1871 begonnene 1963 der Tod in Salzburg gn\u00e4dig beendete. Sein Leben kann man googeln und wird erstaunt sein, wie man sich \u00fcber alle Wellen eines k. und k. Patriotismus, eines Austrofaschismus, der Sympathien f\u00fcr den Anschluss \u00d6sterreichs an das Deutsche Reich, schlie\u00dflich auch f\u00fcr den Nationalsozialismus in einen beschaulichen, rechtem Denken fr\u00f6nenden Lebensabend im sch\u00f6nen Salzburg retten konnte. Bleiben wir aber bei Hatschi Bratschi. Dieser Zauberer f\u00e4ngt das ungehorsame, trotz Verbots auf eine Wiese gelaufene  Fritzchen. Als sich der Zauberer  sp\u00e4ter aus dem Korb beugt, um ein weiteres Kind zu fangen, nutzt Fritzchen die Gunst der Stunde, gibt ihm einen Schubs, Hatschi Bratschi f\u00e4llt in einen Brunnen und kommt nicht wieder. Fritzchen ist nun allein dem Flug des Ballons ausgesetzt, der zielsicher das Morgenland ansteuert. Es warten Abenteuer auf der Fahrt, zum Beispiel ein Gewitter oder die Hexe Kniesebein, die sich Fritzchens bem\u00e4chtigen will, schlie\u00dflich aber abst\u00fcrzt, in einen Schornstein f\u00e4llt und verbrennt. Gef\u00e4hrlich sind auch Menschenfresser, die, eine Menschenkette eine Palme hinauf bildend, den Ballon entern wollen und erst im letzten Moment ihr Ziel verfehlen und ins Meer st\u00fcrzen. Die \u201eMenschenfresser\u201c waren sp\u00e4ter Gegenstand von Kritik und wurden durch Affen ersetzt. Man k\u00f6nnte nat\u00fcrlich auch sagen, sie wurden mit Affen gleichgesetzt und deshalb mit solchen austauschbar, was Rassismus versteckte, allerdings nicht wirklich \u00fcberwand. Fritzchen aber erreicht nach all den Abenteuern das Schloss von Hatschi Bratschi. Die Diener Hatschi Bratschis anerkennen Fritzchen als den neuen Herren und unterwerfen sich ihm. Dieser befreit alle gefangen Kinder, die gl\u00fccklich nach Hause laufen. Fritzchen war der Held, die Mutter schloss ihn k\u00fcssend in ihre Arme, der Vater wartete aber mit dem Rohstock auf ihn wegen des ungehorsamen Beginns.<br \/>\nDas Buch wurde mir nicht gef\u00e4hrlich. Ich wei\u00df um seine unverhohlenen rassistischen und zumindest faschistoiden p\u00e4dagogischen Ladungen. Ich bin ihnen nicht verfallen. Andere, die Kinder ihren Eltern entf\u00fchren, brauchen das Buch wiederum gar nicht. Ziemlich sicher hat es  Donald Trump nicht gelesen und dennoch hat er j\u00fcngst daf\u00fcr gesorgt, dass mir die Geschichte wieder in den Sinn kam. Er wurde mir in emp\u00f6rter Phantasie zum Hatschi Bratschi. Dieser Hatschi Bratschi Trump hat keinen Luftballon, Er f\u00e4ngt aber ebenso Kinder. Er f\u00e4ngt sie an der Grenze zwischen den USA und Mexico. Wenn dort in Not verzweifelte Eltern mit ihren Kindern diese Grenze \u00fcberschritten, dann kamen seine Sch\u00e4rgen, stellten die Grenzverletzer, trennten Eltern und Kinder und sperrten die Erwachsenen ein. Die Kinder weinten herzzerrei\u00dfend, wurden aber gnadenlos in Camps verfrachtet, wo ihr verzweifeltes Weinen und Schreien von zynischen Bewachern als \u201eKonzert\u201c bezeichnet wurde, dem nur der \u201eDirigent\u201c fehle. Menschen in aller Welt wandten sich gegen diese Grausamkeiten, selbst die Gattin von Hatschi Bratschi Trump und seine Tochter. Dieser sehr abendl\u00e4ndische Hatschi Bartschi meint aber, dass die Schuld bei den Eltern l\u00e4ge. Sie h\u00e4tten ja nur in Mexico bleiben m\u00fcssen, um nicht von ihren Kindern getrennt zu werden. H\u00e4tte, h\u00e4tte Fahrradkette &#8211; Fritzchen h\u00e4tte ja auch nicht auf die Wiese laufen sollen. Gehorsam statt Spieltrieb, Unterwerfung, statt Kind-Sein h\u00e4tten ihn gerettet? Nein, auch das hilft nichts! Die Welt ist voller Hatschi Bratschis. Ihre kleinen Opfer werden ausgebeutet, liegen zerschossen und ersoffen herum, bekommen, manchmal zwangsweise neue Eltern oder werden selbst bewaffnet und zum Kriegf\u00fchren gezwungen \u2026<\/p>\n<p>(Geschrieben f\u00fcr Links, Juli\/August 2018, 20.06.2018)<\/p>\n","protected":false},"excerpt":{"rendered":"<p>\u201eWas kommt dort durch die Luft geflogen und immer n\u00e4her hergezogen? Es ist, man sieht es deutlich schon, ein gro\u00dfer roter Luftballon. Drin sitzt, die Pfeife in der Hand, ein Zauberer aus dem Morgenland. Der b\u00f6se Hatschi Bratschi hei\u00dft er, und kleine Kinder f\u00e4ngt und bei\u00dft er. O Fritzchen, Fritzchen, lauf davon, sonst kommst du [&hellip;]<\/p>\n","protected":false},"author":2,"featured_media":0,"comment_status":"open","ping_status":"open","sticky":false,"template":"","format":"standard","meta":{"jetpack_post_was_ever_published":false,"jetpack_publicize_message":"","jetpack_is_tweetstorm":false,"jetpack_publicize_feature_enabled":true,"jetpack_social_post_already_shared":true,"jetpack_social_options":[]},"categories":[1],"tags":[],"jetpack_publicize_connections":[],"jetpack_featured_media_url":"","jetpack_sharing_enabled":true,"jetpack_shortlink":"https:\/\/wp.me\/pBNn2-hn","_links":{"self":[{"href":"https:\/\/www.peter-porsch.de\/index.php?rest_route=\/wp\/v2\/posts\/1077"}],"collection":[{"href":"https:\/\/www.peter-porsch.de\/index.php?rest_route=\/wp\/v2\/posts"}],"about":[{"href":"https:\/\/www.peter-porsch.de\/index.php?rest_route=\/wp\/v2\/types\/post"}],"author":[{"embeddable":true,"href":"https:\/\/www.peter-porsch.de\/index.php?rest_route=\/wp\/v2\/users\/2"}],"replies":[{"embeddable":true,"href":"https:\/\/www.peter-porsch.de\/index.php?rest_route=%2Fwp%2Fv2%2Fcomments&post=1077"}],"version-history":[{"count":1,"href":"https:\/\/www.peter-porsch.de\/index.php?rest_route=\/wp\/v2\/posts\/1077\/revisions"}],"predecessor-version":[{"id":1078,"href":"https:\/\/www.peter-porsch.de\/index.php?rest_route=\/wp\/v2\/posts\/1077\/revisions\/1078"}],"wp:attachment":[{"href":"https:\/\/www.peter-porsch.de\/index.php?rest_route=%2Fwp%2Fv2%2Fmedia&parent=1077"}],"wp:term":[{"taxonomy":"category","embeddable":true,"href":"https:\/\/www.peter-porsch.de\/index.php?rest_route=%2Fwp%2Fv2%2Fcategories&post=1077"},{"taxonomy":"post_tag","embeddable":true,"href":"https:\/\/www.peter-porsch.de\/index.php?rest_route=%2Fwp%2Fv2%2Ftags&post=1077"}],"curies":[{"name":"wp","href":"https:\/\/api.w.org\/{rel}","templated":true}]}}