{"id":1061,"date":"2018-02-20T17:28:46","date_gmt":"2018-02-20T15:28:46","guid":{"rendered":"http:\/\/www.peter-porsch.de\/?p=1061"},"modified":"2018-02-20T17:28:46","modified_gmt":"2018-02-20T15:28:46","slug":"more-steel-tanks-than-think-tanks","status":"publish","type":"post","link":"https:\/\/www.peter-porsch.de\/?p=1061","title":{"rendered":"&#8222;More steel tanks than think tanks&#8220;"},"content":{"rendered":"<p>Das war O-Ton des polnischen Ministerpr\u00e4sidenten Mateusz Morawiecki auf der sogenannten \u201eM\u00fcnchener Sicherheitskonferenz\u201c. Englisch \u201etank\u201c ist bekanntlich der Panzer, geschmiedet aus Stahl oder guten Ideen. \u201eOh, Herr, lass Hirn regnen\u201c,  habe ich auf einer Satirepostkarte gelesen. Nein, das ist nicht der Regen, den der Chef des katholischen Polen  zu ben\u00f6tigen denkt. Ihm stehen offensichtlich die \u201eStahlgewitter\u201c der Kriege n\u00e4her, die der einstige Wehrmachtsoffizier und am Ende seines Lebens zum Katholizismus konvertierte Ernst J\u00fcnger zu literarischen Ehren brachte. Herr Morawiecki schlie\u00dft sich ihm an, anstatt sich einen Kopf zu machen, wie es anders gehen k\u00f6nnte.<br \/>\nSicher kennen viele die Geschichte von dem jungen Mann, der w\u00e4hrend einer Zugfahrt das Fenster \u00f6ffnen will. Er schafft es nicht; offensichtlich ein schm\u00e4chtiger Intelligenzler. Weil die Geschichte alt ist, muss man noch um die Technik mit dem Riemen wissen, den man mit Kraft zugleich nach oben und nach vorne ziehen musste, um damit die Bewegung des Fensters nach unten freizugeben. War nicht jedermanns Sache. Ein muskul\u00f6ser Bauer hilft, so geht die Erz\u00e4hlung weiter, dem Schw\u00e4chling und es gelingt ihm nat\u00fcrlich, das Fenster zu \u00f6ffnen. Siegestrunken belehrt er den Versager mit einem Deut auf seine Muskeln, \u201ehier muss man es haben und nicht hier\u201c, was er nun wieder mit seinem Finger an den Kopf zeigend unterstreicht. Der so Blamierte sinnt auf Vergeltung. Schlie\u00dflich fragt er den Kraftprotz, ob der diesen Griff am roten Kasten an der Wand herunterziehen k\u00f6nnte. Er selbst w\u00e4re doch augenscheinlich zu schwach daf\u00fcr. Stolz beweist der Muskelmann, dass er es kann. Der Zug bleibt mit Ruckeln und Quietschen stehen. Der Schaffner kommt und verdonnert den Misset\u00e4ter zur Strafzahlung wegen missbr\u00e4uchlicher Bet\u00e4tigung der Notbremse. \u201eDa muss man es haben\u201c, sagt nun der Intellektuelle mit einem Verweis auf seinen Kopf, \u201eund nicht da\u201c, w\u00e4hrend der Finger vom Haupt zum kaum ausgebildeten Bizeps wandert.<br \/>\nDer Schlaumeier hat den Kraftmeier in die Falle gelockt. Geist und Denken lassen Folgen von Handlungen absch\u00e4tzen. Kraft gewinnt nur im Augenblick. Es w\u00e4re gut, wenn Herr Morawiecki und alle anderen, die so kopflos durch die Zeiten stolpern, sich darauf besinnen k\u00f6nnten. In der Geschichte tat jedenfalls der Gefoppte gut daran, die Strafe zu bezahlen. Da hat doch Verstand eingesetzt. Verweigerung der Bezahlung und weitere Gewalt gegen Menschen und Sachen h\u00e4tten m\u00f6glicherweise die Fahrt f\u00fcr unabsehbare Zeit verhindert, den T\u00e4ter schlie\u00dflich in noch gr\u00f6\u00dfere Schwierigkeiten gebracht.<br \/>\n\u201eUnrecht durch Unrecht bek\u00e4mpft, wird noch m\u00e4chtiger\u201c, sagt uns der \u00f6sterreichische Schriftsteller Peter Rosegger. Gewalt gegen Gewalt war aber angesagt in M\u00fcnchen. Der eine zeigte deshalb die Tr\u00fcmmer einer vom Himmel geholten Drohne, verschwieg jedoch geflissentlich, dass das gewaltt\u00e4tige Instrument daf\u00fcr &#8211; ein Kampfflugzeug &#8211; ebenfalls gewaltt\u00e4tig zerst\u00f6rt wurde. Genau das war aber wiederum  Anlass zur Androhung neuer Gewalt: Die Spirale funktioniert &#8211; letztlich ohne Sinn und Verstand. Nein, doch nicht! Sinn und Verstand wurden hier freilich nur missbr\u00e4uchlich verwendet, um die Instrumente f\u00fcr Gewalt zu erfinden, zu bauen und anzuwenden. Hirn verwandelte sich in Stahl. Der homo sapiens wird zu einem simplen iron-man. Er kann nicht mehr weit denken. Er glaubt erkannt zu haben, dass der Krieg der Vater aller Dinge sei. In Wirklichkeit hat sich aber alle menschliche \u201esapientia\u201c von Weisheit in sture Dummheit verwandelt; sture Dummheit, die nun auch noch meint, dass es n\u00f6tig sei, den Krieg vorzubereiten, wolle man den Frieden erhalten. Hat das jemals mehr gebracht als Wettr\u00fcsten und dessen stetes Ende im Krieg &#8211; von der Steinzeit bis heute?<br \/>\nPanzerbesatzungen haben einst gesungen und singen heute noch: \u201eOb\u2019s st\u00fcrmt oder schneit, ob die Sonne uns lacht, ob heiter der Himmel, ob finster die Nacht, bestaubt sind die Gesichter und froh ist unser Sinn. Es braust unser Panzer im Sturmwind dahin.\u201c Steel-tanks rasen aufeinander los, ungebremst, gepanzert mit Gedankenlosigkeit hart wie Kruppstahl. Das Einzige, was sie aufhalten k\u00f6nnte, w\u00e4ren funktionierende think-tanks. <\/p>\n<p>(geschrieben f\u00fcr Links, M\u00e4rz 2018, 19.02.2018)<\/p>\n","protected":false},"excerpt":{"rendered":"<p>Das war O-Ton des polnischen Ministerpr\u00e4sidenten Mateusz Morawiecki auf der sogenannten \u201eM\u00fcnchener Sicherheitskonferenz\u201c. Englisch \u201etank\u201c ist bekanntlich der Panzer, geschmiedet aus Stahl oder guten Ideen. \u201eOh, Herr, lass Hirn regnen\u201c, habe ich auf einer Satirepostkarte gelesen. Nein, das ist nicht der Regen, den der Chef des katholischen Polen zu ben\u00f6tigen denkt. Ihm stehen offensichtlich die [&hellip;]<\/p>\n","protected":false},"author":2,"featured_media":0,"comment_status":"open","ping_status":"open","sticky":false,"template":"","format":"standard","meta":{"jetpack_post_was_ever_published":false,"jetpack_publicize_message":"","jetpack_is_tweetstorm":false,"jetpack_publicize_feature_enabled":true,"jetpack_social_post_already_shared":true,"jetpack_social_options":[]},"categories":[1],"tags":[],"jetpack_publicize_connections":[],"jetpack_featured_media_url":"","jetpack_sharing_enabled":true,"jetpack_shortlink":"https:\/\/wp.me\/pBNn2-h7","_links":{"self":[{"href":"https:\/\/www.peter-porsch.de\/index.php?rest_route=\/wp\/v2\/posts\/1061"}],"collection":[{"href":"https:\/\/www.peter-porsch.de\/index.php?rest_route=\/wp\/v2\/posts"}],"about":[{"href":"https:\/\/www.peter-porsch.de\/index.php?rest_route=\/wp\/v2\/types\/post"}],"author":[{"embeddable":true,"href":"https:\/\/www.peter-porsch.de\/index.php?rest_route=\/wp\/v2\/users\/2"}],"replies":[{"embeddable":true,"href":"https:\/\/www.peter-porsch.de\/index.php?rest_route=%2Fwp%2Fv2%2Fcomments&post=1061"}],"version-history":[{"count":2,"href":"https:\/\/www.peter-porsch.de\/index.php?rest_route=\/wp\/v2\/posts\/1061\/revisions"}],"predecessor-version":[{"id":1064,"href":"https:\/\/www.peter-porsch.de\/index.php?rest_route=\/wp\/v2\/posts\/1061\/revisions\/1064"}],"wp:attachment":[{"href":"https:\/\/www.peter-porsch.de\/index.php?rest_route=%2Fwp%2Fv2%2Fmedia&parent=1061"}],"wp:term":[{"taxonomy":"category","embeddable":true,"href":"https:\/\/www.peter-porsch.de\/index.php?rest_route=%2Fwp%2Fv2%2Fcategories&post=1061"},{"taxonomy":"post_tag","embeddable":true,"href":"https:\/\/www.peter-porsch.de\/index.php?rest_route=%2Fwp%2Fv2%2Ftags&post=1061"}],"curies":[{"name":"wp","href":"https:\/\/api.w.org\/{rel}","templated":true}]}}