{"id":1053,"date":"2017-11-26T18:51:57","date_gmt":"2017-11-26T16:51:57","guid":{"rendered":"http:\/\/www.peter-porsch.de\/?p=1053"},"modified":"2017-11-26T18:51:57","modified_gmt":"2017-11-26T16:51:57","slug":"aufpassen-beim-anpassen","status":"publish","type":"post","link":"https:\/\/www.peter-porsch.de\/?p=1053","title":{"rendered":"Aufpassen beim Anpassen"},"content":{"rendered":"<p>\u201eIn der Sachversicherung ergeben sich ab dem 1. Januar \u00c4nderungen aufgrund von Anpassungsma\u00dfnahmen.\u201c Das teilte mir meine Versicherung unl\u00e4ngst mit. Die \u201eAnpassungsma\u00dfnahmen\u201c waren nichts anderes als eine Erh\u00f6hung der Beitr\u00e4ge f\u00fcr die vertraglich vereinbarten Versicherungen. Warum kann man da eigentlich nicht schreiben, \u201eerh\u00f6hen wir die Beitr\u00e4ge\u201c? Die Beitr\u00e4ge haben sich ja nicht selbst erh\u00f6ht oder vornehm gesagt \u201eangepasst\u201c. Ehrlich formuliert wei\u00df man doch auch genau, wer \u00fcber Zuwachs von Geld und wer \u00fcber seinen Verlust quittieren kann. Solche Briefe bekommen gegen Jahresende viele, und fast immer ist von \u201eAnpassung\u201c die Rede und nicht von \u201eErh\u00f6hung\u201c, obwohl diese meistens der Fall ist. Ich suche in den W\u00f6rterb\u00fcchern und in einschl\u00e4gigen Artikeln im Netz nach der Bedeutung von \u201eanpassen\u201c und nach Synonymen. \u201eErh\u00f6hung\u201c kommt als Synonym nicht vor. Im DUDEN-Deutsches Universalw\u00f6rterbuch finde ich als passende Bedeutungsvariante, \u201eetwas einer Sache angleichen; etwas auf etwas abstimmen\u201c.  Bei DUDEN.de finde ich, \u201esich nach jemandem, etwas richten.\u201c Wonach richtet sich meine Versicherung? Sie richtet sich, so richtet sie mir aus, nach den \u201egestiegenen Zahlungen f\u00fcr Leistungsf\u00e4lle\u201c. Aber ist damit schon alles erkl\u00e4rt? In der Zeitung lese ich, dass das Studentenwerk Chemnitz-Zwickau 2018 \u201ePreisanpassungen\u201c vornehmen muss. Der dunklen Rede heller Sinn: Die Mieten pro Wohnheimplatz werden 2018 um sieben Euro steigen. Woran werden die Mieten angepasst? Sie werden angepasst (so lerne ich aus der Zeitung), um die Unterk\u00fcnfte \u201ewirtschaftlich\u201c betreiben zu k\u00f6nnen. Merke: Die M\u00f6glichkeit, etwas wirtschaftlich betreiben zu k\u00f6nnen, ist der Ausl\u00f6ser der \u201eAnpassung\u201c. Da muss man also nach der Bedeutung von und Synonymen f\u00fcr \u201ewirtschaftlich\u201c fragen. DUDEN bietet mir im W\u00f6rterbuch und im Internet als eine Bedeutungsvariante von \u201ewirtschaftlich\u201c an, \u201esparsam mit etwas umgehend\u201c. Sieh\u2019 da! Um sparsam mit etwas umgehen zu k\u00f6nnen, zum Beispiel mit Wohnheimpl\u00e4tzen, muss man mehr Geld verlangen. An wessen Sparsamkeit werden dann die Mieten f\u00fcr solche Pl\u00e4tze angepasst, wenn sie de facto erh\u00f6ht werden? An die der Studierenden sicher nicht! Die Synonyme bei DUDEN.de kl\u00e4ren mich auf, \u201ewirtschaftlich\u201c steht beispielsweise f\u00fcr \u201egewinnbringend\u201c, \u201elohnend\u201c, \u201eprofitabel\u201c, \u201elukrativ\u201c. Zu guter Letzt l\u00e4sst DUDEN vollends die Katze aus dem Sack und bietet als sinnverwandtes Wort noch \u201efett\u201c an. Mag sich jede und jeder jetzt selbst ihre und seine Gedanken machen, welche Erkenntnis \u00fcber die herrschende \u00d6konomie darin steckt und wen \u201efett\u201c zu machen in dieser Wirtschaftsweise \u201eAnpassungen\u201c dienen.<br \/>\nDie gew\u00e4hlten Beispiele sind jedoch noch harmlos, denke ich aktuell, an dem Tag, an dem ich diesen Text schreibe, an Siemens. Siemens passt an. Das hei\u00dft, Siemens macht sich gewinnbringend, lohnend, profitabel, lukrativ. Deshalb wird Siemens siebentausend Mitglieder seiner Belegschaft abbauen. Siemens wird allein in Sachsen zwei Werke schlie\u00dfen und in Erfurt eines vielleicht verkaufen. Das ist \u201eAnpassung\u201c an die ver\u00e4nderte Nachfrage nach Kraftwerksausr\u00fcstungen, die den Profit schm\u00e4lern k\u00f6nnte. Der ist doch gerade um 11% auf \u00fcber sechs Milliarden gestiegen. Da darf es keine Verminderung geben. So hie\u00dfe ja \u201eAnpassung\u201c pl\u00f6tzlich Einbu\u00dfe beim Konzern. Wir haben aber doch gerade gelernt, dass \u201eanpassen\u201c f\u00fcr Unternehmen \u201egewinnbringend\u201c meint, andere aber bezahlen. Im konkreten Fall (und in vielen anderen auch) sind es die von der Firma abh\u00e4ngigen Lohnempf\u00e4ngerinnen und -empf\u00e4nger. Kaum war die Nachricht von den \u201eAnpassungen\u201c bei Siemens raus, stieg der Aktienkurs. Er passte sich an die \u201ewirtschaftliche\u201c L\u00f6sung der Probleme an. Und wenn das den Belegschaften nicht passt, so schl\u00e4gt ihnen die Personalvorst\u00e4ndin vor, vom Protestmodus auf den Kooperationsmodus umzustellen, sich also an die Situation anzupassen. Fr\u00fchverrentung, eine Auffanggesellschaft, Qualifizierung f\u00fcr eine andere Arbeit sind die Zaubermittel der Anpassung. Die Aktion\u00e4re gewinnen. Die Belegschaft muss Entlassungen, drastische Einkommenseinbu\u00dfen und Ver\u00e4nderungen bis hin zum Umzug an andere Arbeitsorte hinnehmen. Man muss wirklich aufpassen beim Anpassen.<\/p>\n<p>(Geschrieben f\u00fcr Links, Dezember\/Januar 2017\/8, 23.11.2017)<\/p>\n","protected":false},"excerpt":{"rendered":"<p>\u201eIn der Sachversicherung ergeben sich ab dem 1. Januar \u00c4nderungen aufgrund von Anpassungsma\u00dfnahmen.\u201c Das teilte mir meine Versicherung unl\u00e4ngst mit. Die \u201eAnpassungsma\u00dfnahmen\u201c waren nichts anderes als eine Erh\u00f6hung der Beitr\u00e4ge f\u00fcr die vertraglich vereinbarten Versicherungen. Warum kann man da eigentlich nicht schreiben, \u201eerh\u00f6hen wir die Beitr\u00e4ge\u201c? Die Beitr\u00e4ge haben sich ja nicht selbst erh\u00f6ht oder [&hellip;]<\/p>\n","protected":false},"author":2,"featured_media":0,"comment_status":"open","ping_status":"open","sticky":false,"template":"","format":"standard","meta":{"jetpack_post_was_ever_published":false,"jetpack_publicize_message":"","jetpack_is_tweetstorm":false,"jetpack_publicize_feature_enabled":true,"jetpack_social_post_already_shared":true,"jetpack_social_options":[]},"categories":[1],"tags":[],"jetpack_publicize_connections":[],"jetpack_featured_media_url":"","jetpack_sharing_enabled":true,"jetpack_shortlink":"https:\/\/wp.me\/pBNn2-gZ","_links":{"self":[{"href":"https:\/\/www.peter-porsch.de\/index.php?rest_route=\/wp\/v2\/posts\/1053"}],"collection":[{"href":"https:\/\/www.peter-porsch.de\/index.php?rest_route=\/wp\/v2\/posts"}],"about":[{"href":"https:\/\/www.peter-porsch.de\/index.php?rest_route=\/wp\/v2\/types\/post"}],"author":[{"embeddable":true,"href":"https:\/\/www.peter-porsch.de\/index.php?rest_route=\/wp\/v2\/users\/2"}],"replies":[{"embeddable":true,"href":"https:\/\/www.peter-porsch.de\/index.php?rest_route=%2Fwp%2Fv2%2Fcomments&post=1053"}],"version-history":[{"count":1,"href":"https:\/\/www.peter-porsch.de\/index.php?rest_route=\/wp\/v2\/posts\/1053\/revisions"}],"predecessor-version":[{"id":1054,"href":"https:\/\/www.peter-porsch.de\/index.php?rest_route=\/wp\/v2\/posts\/1053\/revisions\/1054"}],"wp:attachment":[{"href":"https:\/\/www.peter-porsch.de\/index.php?rest_route=%2Fwp%2Fv2%2Fmedia&parent=1053"}],"wp:term":[{"taxonomy":"category","embeddable":true,"href":"https:\/\/www.peter-porsch.de\/index.php?rest_route=%2Fwp%2Fv2%2Fcategories&post=1053"},{"taxonomy":"post_tag","embeddable":true,"href":"https:\/\/www.peter-porsch.de\/index.php?rest_route=%2Fwp%2Fv2%2Ftags&post=1053"}],"curies":[{"name":"wp","href":"https:\/\/api.w.org\/{rel}","templated":true}]}}