{"id":1015,"date":"2016-10-27T11:27:16","date_gmt":"2016-10-27T09:27:16","guid":{"rendered":"http:\/\/www.peter-porsch.de\/?p=1015"},"modified":"2016-10-27T11:27:16","modified_gmt":"2016-10-27T09:27:16","slug":"dem-volk-aufs-maul-schauen","status":"publish","type":"post","link":"https:\/\/www.peter-porsch.de\/?p=1015","title":{"rendered":"Dem Volk aufs Maul schauen"},"content":{"rendered":"<p>Bekanntlich hat sich das Martin Luther selbst verordnet, um mit seiner Bibel\u00fcbersetzung dem Volk verst\u00e4ndlich zu sein. Im Wollen steckte jedoch der Teufel, wie man heute noch an den Tintenspuren an der Wand von Luthers Studierzimmer auf der Wartburg sehen kann. Luther schmiss mit dem Tintenfass nach dem St\u00f6renfried. \u201cDem Volk aufs Maul schauen\u201c, das geht nicht immer auf: Eine Frau P. hatte am 10. September diesen Jahres eine Video  bei facebook eingestellt, in dem zu sehen ist, wie eine offensichtlich aus dem arabischen Raum stammende Frau einen Busfahrer zu verpr\u00fcgeln versucht. \u00dcber den Anlass erf\u00e4hrt man nichts, wohl aber wird die Emp\u00f6rung durch den Begleittext gesch\u00fcrt, \u201eunakzeptabel &#8211; bitte teilen\u201c. Und das Volk emp\u00f6rt sich weisungsgem\u00e4\u00df. \u201eWes das Herz voll, des l\u00e4uft der Mund \u00fcber\u201c, \u00fcbersetzt Luther Matth\u00e4us. Was aus dem Herzen in den Mund flie\u00dft, l\u00e4uft weiter in die Hand und wird geschrieben bei facebook sichtbar. \u201eRausschmei\u00dfen\u201c, \u201elaufen lassen zum Abk\u00fchlen\u201c, \u201eam besten gleich bis ins Heimatland\u201c, \u201eeine scheuern, dass sie drei Tage r\u00fcckw\u00e4rts rennt\u201c. Das sind die guten Ratschl\u00e4ge. Also: \u201enichts wie raus aus deutschland solche fotzen haben in unserer Heimat nichts verloren.\u201c Geh\u00f6rt das zur Sprache der Dichter und Denker, zur Sprache von Goethe und Schiller oder sind die weit ab vom Volk? Eine Frau einfach \u201eFotze\u201c nennen? F\u00fcr Schiller l\u00e4sst es sich in der Eile nicht \u00fcberpr\u00fcfen, aber f\u00fcr Goethe hilft das \u201eGoethe-W\u00f6rterbuch\u201c. Und siehe da, zwei Mal verwendet der Dichterf\u00fcrst das Wort. Einmal im \u201eWest-\u00d6stlichen Diwan\u201c und einmal in einer Tagebucheintragung. Freilich gibt es einen Unterschied. Goethe spricht in beiden F\u00e4llen nicht per pars pro toto von einer Frau. Er reduziert sie nicht auf den vulg\u00e4ren Ausdruck f\u00fcr ihr Geschlechtsteil; und noch etwas ist anders, das Wort wird nicht ausgeschrieben. Im einen Fall steht nur \u201eF.\u201c und im anderen ersetzen *** das Wort. Eine Hemmung noch bei Goethe, beim Volk offensichtlich nicht mehr. Einer formuliert aber vielleicht doch vorsichtiger. Er nennt die schlagende Frau \u201ebloede Schnalle\u201c. \u201eSchnalle\u201c als vulg\u00e4res Wort f\u00fcr eine junge Frau kommt aus der J\u00e4gersprache. Dort nennt man das \u00e4u\u00dfere weibliche Geschlechtsteil bei Hunden und Haarwild so. Tats\u00e4chlich steckt dahinter die Analogie zur Schnalle, in die ein Dorn gesteckt wird, damit etwas zusammenh\u00e4lt. Auch nicht besser als \u201eFotze\u201c! Was steckt da f\u00fcr ein Frauenbild dahinter? F\u00fcr die Eintragungen im \u201eDUDEN &#8211; Deutsches Universalw\u00f6rterbuch\u201c versucht man ebenfalls dem Volk aufs Maul zu schauen. Als sechste Bedeutungsvariante von \u201eSchnalle\u201c steht dort, \u201e(vulg\u00e4r) junge Frau\u201c. Als aus dem Leben gegriffenes Verwendungsbeispiel bietet das W\u00f6rterbuch, \u201edie Schnalle macht mich ganz sch\u00f6n an.\u201c Das B\u00f6se im Weib flie\u00dft dem Volk aus dem Maul. Das W\u00f6rterbuch best\u00e4tigt das. Unter dem Stichwort \u201espitz\u201c finden wir unter anderem: \u201e(umgangssprachlich) vom Sexualtrieb beherrscht; geil; sinnlich: die Frau ist so was von spitz; sie macht die Typen spitz und l\u00e4sst sie dann nicht ran.\u201c Das Volk muss sich wehren, zumal, wenn solche Frauen aus fremden Landen kommen. Volk meint bei facebook, es t\u00e4te dies zu wenig: \u201eDeshalb geht Deutschland den Bach runter, weil sich niemand mehr wehrt. Ihr lasst alles mit euch machen, seid stolz drauf und geht unter.\u201c Es werden ja t\u00e4glich hunderte Busfahrer in Deutschland von zugezogenen Frauen verpr\u00fcgelt und keiner wehrt sich. Fakt ist freilich, dass sehr viel mehr deutsche und auch hergeholte Frauen (Thailand, Vietnam, Afrika, Karibik &#8230;) t\u00e4glich von deutschen M\u00e4nnern verpr\u00fcgelt werden. Aber das ist Leitkultur und h\u00e4lt uns zusammen.<br \/>\nLinkes Fazit: Man sollte dem Volk schon aufs Maul schauen, aber nicht nach dem Munde reden.<\/p>\n<p>(geschrieben im August 2016 f\u00fcr DISPUT, Oktober 2016)<\/p>\n","protected":false},"excerpt":{"rendered":"<p>Bekanntlich hat sich das Martin Luther selbst verordnet, um mit seiner Bibel\u00fcbersetzung dem Volk verst\u00e4ndlich zu sein. Im Wollen steckte jedoch der Teufel, wie man heute noch an den Tintenspuren an der Wand von Luthers Studierzimmer auf der Wartburg sehen kann. Luther schmiss mit dem Tintenfass nach dem St\u00f6renfried. \u201cDem Volk aufs Maul schauen\u201c, das [&hellip;]<\/p>\n","protected":false},"author":2,"featured_media":0,"comment_status":"open","ping_status":"open","sticky":false,"template":"","format":"standard","meta":{"jetpack_post_was_ever_published":false,"jetpack_publicize_message":"","jetpack_is_tweetstorm":false,"jetpack_publicize_feature_enabled":true,"jetpack_social_post_already_shared":true,"jetpack_social_options":[]},"categories":[1],"tags":[],"jetpack_publicize_connections":[],"jetpack_featured_media_url":"","jetpack_sharing_enabled":true,"jetpack_shortlink":"https:\/\/wp.me\/pBNn2-gn","_links":{"self":[{"href":"https:\/\/www.peter-porsch.de\/index.php?rest_route=\/wp\/v2\/posts\/1015"}],"collection":[{"href":"https:\/\/www.peter-porsch.de\/index.php?rest_route=\/wp\/v2\/posts"}],"about":[{"href":"https:\/\/www.peter-porsch.de\/index.php?rest_route=\/wp\/v2\/types\/post"}],"author":[{"embeddable":true,"href":"https:\/\/www.peter-porsch.de\/index.php?rest_route=\/wp\/v2\/users\/2"}],"replies":[{"embeddable":true,"href":"https:\/\/www.peter-porsch.de\/index.php?rest_route=%2Fwp%2Fv2%2Fcomments&post=1015"}],"version-history":[{"count":1,"href":"https:\/\/www.peter-porsch.de\/index.php?rest_route=\/wp\/v2\/posts\/1015\/revisions"}],"predecessor-version":[{"id":1016,"href":"https:\/\/www.peter-porsch.de\/index.php?rest_route=\/wp\/v2\/posts\/1015\/revisions\/1016"}],"wp:attachment":[{"href":"https:\/\/www.peter-porsch.de\/index.php?rest_route=%2Fwp%2Fv2%2Fmedia&parent=1015"}],"wp:term":[{"taxonomy":"category","embeddable":true,"href":"https:\/\/www.peter-porsch.de\/index.php?rest_route=%2Fwp%2Fv2%2Fcategories&post=1015"},{"taxonomy":"post_tag","embeddable":true,"href":"https:\/\/www.peter-porsch.de\/index.php?rest_route=%2Fwp%2Fv2%2Ftags&post=1015"}],"curies":[{"name":"wp","href":"https:\/\/api.w.org\/{rel}","templated":true}]}}